{"id":1793,"date":"2026-04-17T16:42:58","date_gmt":"2026-04-17T16:42:58","guid":{"rendered":"https:\/\/cms.projetiq.com.br\/?p=1793"},"modified":"2026-04-17T16:42:58","modified_gmt":"2026-04-17T16:42:58","slug":"como-saber-se-a-empresa-precisa-de-consultoria-ou-so-de-organizacao-interna","status":"publish","type":"post","link":"https:\/\/cms.projetiq.com.br\/como-saber-se-a-empresa-precisa-de-consultoria-ou-so-de-organizacao-interna\/","title":{"rendered":"Como saber se a empresa precisa de consultoria ou s\u00f3 de organiza\u00e7\u00e3o interna"},"content":{"rendered":"<p>Voc\u00ea, dono de empresa, est\u00e1 no olho do furac\u00e3o. A agenda parece uma peneira: tudo cai, nada sai do papel. A reuni\u00e3o come\u00e7a bem, mas termina sem decis\u00e3o, como se algu\u00e9m tivesse apagado o objetivo no final. O time manda mensagens no WhatsApp com tarefas, promessas e atualiza\u00e7\u00f5es que n\u00e3o chegam a um veredito. O cliente liga cobrando entrega e voc\u00ea olha para o quadro de prioridades e pensa: \u201ccad\u00ea o caminho claro?\u201d Esse \u00e9 o tipo de dia que revela uma coisa importante: \u00e9 hora de entender se a empresa precisa de consultoria externa ou apenas de uma boa organiza\u00e7\u00e3o interna, para n\u00e3o desperdi\u00e7ar dinheiro nem tempo. N\u00e3o \u00e9 glamour, \u00e9 resultado simples: voc\u00ea quer previsibilidade, controle e velocidade para crescer sem trope\u00e7ar no dia a dia.<\/p>\n<p>Talvez voc\u00ea j\u00e1 tenha visto esse disco riscar: \u00e9 comum confundir um problema de organiza\u00e7\u00e3o com a necessidade de consultoria cara. \u00c0s vezes n\u00e3o \u00e9 ningu\u00e9m de fora que resolve, \u00e9 a forma como as decis\u00f5es s\u00e3o tomadas, quem faz o qu\u00ea e como o progresso \u00e9 acompanhado. Em outros momentos, o sil\u00eancio de uma solu\u00e7\u00e3o externa \u00e9 exatamente o que falta para destravar. A diferen\u00e7a entre os dois caminhos n\u00e3o \u00e9 o tamanho do or\u00e7amento, e sim o que acontece quando o rel\u00f3gio come\u00e7a a girar: as decis\u00f5es ficam claras ou continuam perdidas entre mensagens, planilhas desatualizadas e promessas n\u00e3o cumpridas. Vamos olhar para situa\u00e7\u00f5es reais e simples, sem jarg\u00e3o, para j\u00e1 entender qual dire\u00e7\u00e3o seguir.<\/p>\n\n\n                        <figure class=\"wp-block-image size-large\"><img decoding=\"async\" width=\"1600\" height=\"1067\" data-src=\"https:\/\/cms.projetiq.com.br\/wp-content\/uploads\/2026\/04\/dc_gme5h95k.jpg\" alt=\"como priorizar projetos na empresa quando tudo \u00e9 urgente\" class=\"wp-image-97 lazyload\" data-srcset=\"https:\/\/cms.projetiq.com.br\/wp-content\/uploads\/2026\/04\/dc_gme5h95k.jpg 1600w, https:\/\/cms.projetiq.com.br\/wp-content\/uploads\/2026\/04\/dc_gme5h95k-300x200.jpg 300w, https:\/\/cms.projetiq.com.br\/wp-content\/uploads\/2026\/04\/dc_gme5h95k-1024x683.jpg 1024w, https:\/\/cms.projetiq.com.br\/wp-content\/uploads\/2026\/04\/dc_gme5h95k-768x512.jpg 768w, https:\/\/cms.projetiq.com.br\/wp-content\/uploads\/2026\/04\/dc_gme5h95k-1536x1024.jpg 1536w, https:\/\/cms.projetiq.com.br\/wp-content\/uploads\/2026\/04\/dc_gme5h95k-600x400.jpg 600w, https:\/\/cms.projetiq.com.br\/wp-content\/uploads\/2026\/04\/dc_gme5h95k-1200x800.jpg 1200w, https:\/\/cms.projetiq.com.br\/wp-content\/uploads\/2026\/04\/dc_gme5h95k-1400x934.jpg 1400w\" data-sizes=\"(max-width: 1600px) 100vw, 1600px\" src=\"data:image\/svg+xml;base64,PHN2ZyB3aWR0aD0iMSIgaGVpZ2h0PSIxIiB4bWxucz0iaHR0cDovL3d3dy53My5vcmcvMjAwMC9zdmciPjwvc3ZnPg==\" style=\"--smush-placeholder-width: 1600px; --smush-placeholder-aspect-ratio: 1600\/1067;\" \/><\/figure>\n                        \n\n<h2>Sinais reais que ajudam a decidir entre organizar internamente ou buscar consultoria<\/h2>\n<p><strong>Situa\u00e7\u00e3o real 1: Reuni\u00e3o que n\u00e3o gera decis\u00e3o<\/strong><\/p>\n\n\n                        <figure class=\"wp-block-image size-large\"><img decoding=\"async\" width=\"1600\" height=\"1067\" data-src=\"https:\/\/cms.projetiq.com.br\/wp-content\/uploads\/2026\/04\/dc_gme5h95k.jpg\" alt=\"como priorizar projetos na empresa quando tudo \u00e9 urgente\" class=\"wp-image-97 lazyload\" data-srcset=\"https:\/\/cms.projetiq.com.br\/wp-content\/uploads\/2026\/04\/dc_gme5h95k.jpg 1600w, https:\/\/cms.projetiq.com.br\/wp-content\/uploads\/2026\/04\/dc_gme5h95k-300x200.jpg 300w, https:\/\/cms.projetiq.com.br\/wp-content\/uploads\/2026\/04\/dc_gme5h95k-1024x683.jpg 1024w, https:\/\/cms.projetiq.com.br\/wp-content\/uploads\/2026\/04\/dc_gme5h95k-768x512.jpg 768w, https:\/\/cms.projetiq.com.br\/wp-content\/uploads\/2026\/04\/dc_gme5h95k-1536x1024.jpg 1536w, https:\/\/cms.projetiq.com.br\/wp-content\/uploads\/2026\/04\/dc_gme5h95k-600x400.jpg 600w, https:\/\/cms.projetiq.com.br\/wp-content\/uploads\/2026\/04\/dc_gme5h95k-1200x800.jpg 1200w, https:\/\/cms.projetiq.com.br\/wp-content\/uploads\/2026\/04\/dc_gme5h95k-1400x934.jpg 1400w\" data-sizes=\"(max-width: 1600px) 100vw, 1600px\" src=\"data:image\/svg+xml;base64,PHN2ZyB3aWR0aD0iMSIgaGVpZ2h0PSIxIiB4bWxucz0iaHR0cDovL3d3dy53My5vcmcvMjAwMC9zdmciPjwvc3ZnPg==\" style=\"--smush-placeholder-width: 1600px; --smush-placeholder-aspect-ratio: 1600\/1067;\" \/><\/figure>\n                        \n\n<blockquote><p>Reuni\u00e3o que n\u00e3o gera decis\u00e3o: todo mundo fala, ningu\u00e9m assume o pr\u00f3ximo passo, e o relat\u00f3rio fica preso no drive.<\/p><\/blockquote>\n<p>Essa \u00e9 a primeira pista: sem dono claro e sem prazo para cada a\u00e7\u00e3o, a organiza\u00e7\u00e3o interna est\u00e1 falhando na defini\u00e7\u00e3o de responsabilidades e nas regras de decis\u00e3o. N\u00e3o \u00e9 \u201cfalar mais bonito\u201d que resolve; \u00e9 ter um processo simples: quem decide, em qual prazo e o que sai dali. Sem isso, voc\u00ea gasta tempo e dinheiro sem retorno vis\u00edvel.<\/p>\n<p><strong>Situa\u00e7\u00e3o real 2: Tarefa no WhatsApp que some<\/strong><\/p>\n<blockquote><p>Tarefa chega pelo grupo, muda de respons\u00e1vel e o status some de novo. O time perde tempo, o cliente percebe atraso e o fluxo de trabalho fica quebrado.<\/p><\/blockquote>\n<p>Essa segunda pista aponta que n\u00e3o h\u00e1 um fluxo simples de acompanhamento. Se tudo aparece no chat, mas n\u00e3o h\u00e1 um registro \u00fanico e vis\u00edvel de prioridade, dono da tarefa e data de entrega, o problema n\u00e3o \u00e9 falta de tecnologia: \u00e9 o modo como as tarefas s\u00e3o registradas e monitoradas. Sem visibilidade, qualquer melhoria fica em suspenso.<\/p>\n<h2>Quando vale mais a pena reorganizar a opera\u00e7\u00e3o do que contratar consultoria<\/h2>\n<h3>Decis\u00f5es lentas<\/h3>\n<p>Se as decis\u00f5es na sua empresa demoram, n\u00e3o por falta de gente, mas por falta de um trilho claro, voc\u00ea est\u00e1 lidando com um problema de organiza\u00e7\u00e3o interna. A solu\u00e7\u00e3o passa por simplificar o fluxo de decis\u00e3o: quem pode decidir, com que crit\u00e9rios, em que prazo e com qual evid\u00eancia. N\u00e3o precisa de tecnologia mirabolante; muitas vezes basta um calend\u00e1rio de reuni\u00f5es com objetivos objetivos, responsabilidades vis\u00edveis e um registro simples de decis\u00f5es.<\/p>\n\n\n                        <figure class=\"wp-block-image size-large\"><img decoding=\"async\" width=\"1600\" height=\"1067\" data-src=\"https:\/\/cms.projetiq.com.br\/wp-content\/uploads\/2026\/04\/dc_gme5h95k.jpg\" alt=\"como priorizar projetos na empresa quando tudo \u00e9 urgente\" class=\"wp-image-97 lazyload\" data-srcset=\"https:\/\/cms.projetiq.com.br\/wp-content\/uploads\/2026\/04\/dc_gme5h95k.jpg 1600w, https:\/\/cms.projetiq.com.br\/wp-content\/uploads\/2026\/04\/dc_gme5h95k-300x200.jpg 300w, https:\/\/cms.projetiq.com.br\/wp-content\/uploads\/2026\/04\/dc_gme5h95k-1024x683.jpg 1024w, https:\/\/cms.projetiq.com.br\/wp-content\/uploads\/2026\/04\/dc_gme5h95k-768x512.jpg 768w, https:\/\/cms.projetiq.com.br\/wp-content\/uploads\/2026\/04\/dc_gme5h95k-1536x1024.jpg 1536w, https:\/\/cms.projetiq.com.br\/wp-content\/uploads\/2026\/04\/dc_gme5h95k-600x400.jpg 600w, https:\/\/cms.projetiq.com.br\/wp-content\/uploads\/2026\/04\/dc_gme5h95k-1200x800.jpg 1200w, https:\/\/cms.projetiq.com.br\/wp-content\/uploads\/2026\/04\/dc_gme5h95k-1400x934.jpg 1400w\" data-sizes=\"(max-width: 1600px) 100vw, 1600px\" src=\"data:image\/svg+xml;base64,PHN2ZyB3aWR0aD0iMSIgaGVpZ2h0PSIxIiB4bWxucz0iaHR0cDovL3d3dy53My5vcmcvMjAwMC9zdmciPjwvc3ZnPg==\" style=\"--smush-placeholder-width: 1600px; --smush-placeholder-aspect-ratio: 1600\/1067;\" \/><\/figure>\n                        \n\n<h3>Dados dispersos e informa\u00e7\u00f5es sem padr\u00e3o<\/h3>\n<p>Quando as informa\u00e7\u00f5es importantes est\u00e3o em v\u00e1rias planilhas, e-mails e posts de grupo, ningu\u00e9m consegue ver o quadro completo. A organiza\u00e7\u00e3o interna funciona melhor quando voc\u00ea padroniza dados b\u00e1sicos: o que \u00e9 prioridade, em que est\u00e1gio est\u00e1, quem \u00e9 respons\u00e1vel, e qual \u00e9 o pr\u00f3ximo passo com data. Sem esse cimento, qualquer melhoria fica sujeita a interpreta\u00e7\u00f5es e ru\u00eddos. Em muitos casos, esse \u00e9 o terreno onde a organiza\u00e7\u00e3o interna entrega resultados r\u00e1pidos.<\/p>\n<h3>Pap\u00e9is mal definidos e responsabilidades turvas<\/h3>\n<p>Se as pessoas n\u00e3o sabem exatamente o que devem fazer, quem responde pelo qu\u00ea e qual \u00e9 o objetivo final de cada entrega, a corrida fica desigual. Papel definido n\u00e3o \u00e9 burocracia; \u00e9 uma b\u00fassola. Estruture fun\u00e7\u00f5es e entregas simples, com um respons\u00e1vel \u00fanico por cada item, para que ningu\u00e9m fique esperando uma decis\u00e3o que nunca chega. Esse \u00e9 o tipo de ajuste que costuma trazer previsibilidade sem grandes custos.<\/p>\n<h2>Checklist pr\u00e1tico: 6 passos para decidir entre organiza\u00e7\u00e3o interna e consultoria externa<\/h2>\n<ol>\n<li>Mapear quem decide cada decis\u00e3o importante, com prazo esperado e crit\u00e9rios objetivos.<\/li>\n<li>Definir responsabilidades por entrega: quem faz, quem valida e qual \u00e9 o respons\u00e1vel pela conclus\u00e3o.<\/li>\n<li>Criar uma cad\u00eancia de status simples: encontros curtos, com agenda fixa e registro claro de decis\u00f5es.<\/li>\n<li>Padronizar dados essenciais: status, prioridade, data de entrega, riscos e pr\u00f3ximos passos.<\/li>\n<li>Rodar um piloto pequeno: testar uma melhoria simples em uma \u00e1rea piloto sem mexer no resto da opera\u00e7\u00e3o.<\/li>\n<li>Comparar custo e tempo: quanto tempo levaria para reorganizar internamente versus contratar apoio externo, levando em conta o efeito sobre a entrega ao cliente.<\/li>\n<\/ol>\n<h2>Como avan\u00e7ar sem perder o ritmo<\/h2>\n<p>Se voc\u00ea conseguir estruturar as decis\u00f5es, pap\u00e9is e caminho de entrega com pouco esfor\u00e7o, \u00e9 prov\u00e1vel que a organiza\u00e7\u00e3o interna j\u00e1 resolva boa parte do problema. Quando houver repeti\u00e7\u00e3o de gargalos, de frases como \u201cisso j\u00e1 foi decidido, mas n\u00e3o foi implementado\u201d, ou quando o backlog continuar crescendo sem clareza, a\u00ed entra a ideia de buscar apoio externo. A chave \u00e9 n\u00e3o adiantar etapas. Comece com o b\u00e1sico: clareza de quem faz o qu\u00ea, ritmo de atualiza\u00e7\u00e3o e dados simples em um quadro \u00fanico. Se o retorno for r\u00e1pido, \u00f3timo; se n\u00e3o, a conversa com um parceiro externo pode acelerar a transforma\u00e7\u00e3o sem voc\u00ea perder o controle.<\/p>\n\n\n                        <figure class=\"wp-block-image size-large\"><img decoding=\"async\" width=\"1600\" height=\"1067\" data-src=\"https:\/\/cms.projetiq.com.br\/wp-content\/uploads\/2026\/04\/dc_gme5h95k.jpg\" alt=\"como priorizar projetos na empresa quando tudo \u00e9 urgente\" class=\"wp-image-97 lazyload\" data-srcset=\"https:\/\/cms.projetiq.com.br\/wp-content\/uploads\/2026\/04\/dc_gme5h95k.jpg 1600w, https:\/\/cms.projetiq.com.br\/wp-content\/uploads\/2026\/04\/dc_gme5h95k-300x200.jpg 300w, https:\/\/cms.projetiq.com.br\/wp-content\/uploads\/2026\/04\/dc_gme5h95k-1024x683.jpg 1024w, https:\/\/cms.projetiq.com.br\/wp-content\/uploads\/2026\/04\/dc_gme5h95k-768x512.jpg 768w, https:\/\/cms.projetiq.com.br\/wp-content\/uploads\/2026\/04\/dc_gme5h95k-1536x1024.jpg 1536w, https:\/\/cms.projetiq.com.br\/wp-content\/uploads\/2026\/04\/dc_gme5h95k-600x400.jpg 600w, https:\/\/cms.projetiq.com.br\/wp-content\/uploads\/2026\/04\/dc_gme5h95k-1200x800.jpg 1200w, https:\/\/cms.projetiq.com.br\/wp-content\/uploads\/2026\/04\/dc_gme5h95k-1400x934.jpg 1400w\" data-sizes=\"(max-width: 1600px) 100vw, 1600px\" src=\"data:image\/svg+xml;base64,PHN2ZyB3aWR0aD0iMSIgaGVpZ2h0PSIxIiB4bWxucz0iaHR0cDovL3d3dy53My5vcmcvMjAwMC9zdmciPjwvc3ZnPg==\" style=\"--smush-placeholder-width: 1600px; --smush-placeholder-aspect-ratio: 1600\/1067;\" \/><\/figure>\n                        \n\n<p>O caminho certo n\u00e3o precisa ser uma escolha bin\u00e1ria entre \u201cconsultoria\u201d ou \u201corganiza\u00e7\u00e3o interna\u201d. Em muitos casos, funciona bem come\u00e7ar por reorganizar internamente e, \u00e0 medida que a necessidade de escala aparece, incorporar apoio externo para manter o ritmo sem perder o foco. O importante \u00e9 manter a opera\u00e7\u00e3o funcionando hoje, enquanto voc\u00ea constr\u00f3i o caminho para a melhoria sustent\u00e1vel amanh\u00e3.<\/p>\n<p>Conecte a necessidade de mudan\u00e7a ao impacto diretamente no dia a dia: menos reuni\u00f5es perdidas, menos mensagens sem conclus\u00e3o, menos retrabalho. E lembre-se: manter o neg\u00f3cio em movimento \u00e9 prioridade. Quando a organiza\u00e7\u00e3o interna \u00e9 suficiente, o ganho vem r\u00e1pido; quando n\u00e3o \u00e9, a consultoria pode trazer a vis\u00e3o externa que acelera a transforma\u00e7\u00e3o, sem abandonar o controle que voc\u00ea precisa para tomar as melhores decis\u00f5es.<\/p>\n<p>Resumo direto: analise o padr\u00e3o de problemas, a clareza de pap\u00e9is e a cad\u00eancia de entrega. Se o problema \u00e9 repetitivo, com decis\u00f5es lentas e dados confusos, comece pela organiza\u00e7\u00e3o interna. Se, apesar de tudo, a velocidade n\u00e3o aparecer, busque apoio externo para acelerar o ganho de previsibilidade e resultado. O que importa \u00e9 o seu neg\u00f3cio continuar crescendo com controle, clareza e dist\u00e2ncia segura do caos.<\/p>","protected":false},"excerpt":{"rendered":"<p>Voc\u00ea, dono de empresa, est\u00e1 no olho do furac\u00e3o. A agenda parece uma peneira: tudo cai, nada sai do papel. A reuni\u00e3o come\u00e7a bem, mas termina sem decis\u00e3o, como se algu\u00e9m tivesse apagado o objetivo no final. O time manda mensagens no WhatsApp com tarefas, promessas e atualiza\u00e7\u00f5es que n\u00e3o chegam a um veredito. O&hellip;<\/p>\n","protected":false},"author":3,"featured_media":97,"comment_status":"open","ping_status":"open","sticky":false,"template":"","format":"standard","meta":{"_genesis_block_theme_hide_title":false,"footnotes":""},"categories":[52],"tags":[534,536,535,39,46],"class_list":{"0":"post-1793","1":"post","2":"type-post","3":"status-publish","4":"format-standard","5":"has-post-thumbnail","6":"hentry","7":"category-diagnostico-operacional","8":"tag-consultoria-externa","9":"tag-gestao-de-prioridades","10":"tag-organizacao-interna","11":"tag-previsibilidade","12":"tag-tomada-de-decisao","14":"with-featured-image"},"_links":{"self":[{"href":"https:\/\/cms.projetiq.com.br\/wp-json\/wp\/v2\/posts\/1793","targetHints":{"allow":["GET"]}}],"collection":[{"href":"https:\/\/cms.projetiq.com.br\/wp-json\/wp\/v2\/posts"}],"about":[{"href":"https:\/\/cms.projetiq.com.br\/wp-json\/wp\/v2\/types\/post"}],"author":[{"embeddable":true,"href":"https:\/\/cms.projetiq.com.br\/wp-json\/wp\/v2\/users\/3"}],"replies":[{"embeddable":true,"href":"https:\/\/cms.projetiq.com.br\/wp-json\/wp\/v2\/comments?post=1793"}],"version-history":[{"count":0,"href":"https:\/\/cms.projetiq.com.br\/wp-json\/wp\/v2\/posts\/1793\/revisions"}],"wp:featuredmedia":[{"embeddable":true,"href":"https:\/\/cms.projetiq.com.br\/wp-json\/wp\/v2\/media\/97"}],"wp:attachment":[{"href":"https:\/\/cms.projetiq.com.br\/wp-json\/wp\/v2\/media?parent=1793"}],"wp:term":[{"taxonomy":"category","embeddable":true,"href":"https:\/\/cms.projetiq.com.br\/wp-json\/wp\/v2\/categories?post=1793"},{"taxonomy":"post_tag","embeddable":true,"href":"https:\/\/cms.projetiq.com.br\/wp-json\/wp\/v2\/tags?post=1793"}],"curies":[{"name":"wp","href":"https:\/\/api.w.org\/{rel}","templated":true}]}}