{"id":1798,"date":"2026-04-17T16:43:42","date_gmt":"2026-04-17T16:43:42","guid":{"rendered":"https:\/\/cms.projetiq.com.br\/?p=1798"},"modified":"2026-04-17T16:43:42","modified_gmt":"2026-04-17T16:43:42","slug":"como-identificar-se-o-problema-e-falta-de-lideranca-ou-falta-de-processo","status":"publish","type":"post","link":"https:\/\/cms.projetiq.com.br\/como-identificar-se-o-problema-e-falta-de-lideranca-ou-falta-de-processo\/","title":{"rendered":"Como identificar se o problema \u00e9 falta de lideran\u00e7a ou falta de processo"},"content":{"rendered":"<p>Voc\u00ea sabe como \u00e9 no dia a dia: voc\u00ea entra na sala com a cabe\u00e7a cheia de planilhas, o celular vibra com mensagens e o rel\u00f3gio parece acelerar. A correria \u00e9 tanta que cada minuto vale ouro. E, ainda assim, algumas coisas continuam emperradas: reuni\u00f5es que n\u00e3o acabam em decis\u00e3o, projetos que caminham sem ningu\u00e9m saber o status, tarefas que aparecem no WhatsApp, somem, voltam e tudo volta para o come\u00e7o. O que realmente atrasa n\u00e3o \u00e9 a falta de esfor\u00e7o, \u00e9 a forma como as coisas s\u00e3o organizadas para funcionar. Muitas vezes o problema parece ser de lideran\u00e7a fraca ou de um processo quebrado, mas a diferen\u00e7a entre os dois pode ser a chave para destravar. Vamos falar de forma direta, com exemplos reais do seu dia a dia, sem jarg\u00e3o que te fa\u00e7a perder tempo. Este texto \u00e9 direto ao ponto: vamos ver como identificar se o problema vem da lideran\u00e7a ou do processo e o que fazer para destravar.<\/p>\n<p>Para te ajudar a saber qual \u00e9 o buraco, observo padr\u00f5es simples que voc\u00ea j\u00e1 reconhece: quem decide e quando decide, quem acompanha o status, e como as informa\u00e7\u00f5es chegam at\u00e9 voc\u00ea. Vou trazer situa\u00e7\u00f5es que voc\u00ea j\u00e1 viveu sem glamour: reuni\u00e3o que n\u00e3o decide, projeto sem dono, tarefa que fica no grupo do WhatsApp e somem, mudan\u00e7as de prioridade sem aviso, entrega atrasada sem respons\u00e1vel claro. N\u00e3o vou te vender teoria; vou te mostrar sinais que ajudam a apontar se o problema est\u00e1 na lideran\u00e7a ou no processo. Se for lideran\u00e7a, o rem\u00e9dio \u00e9 diferente do que funciona quando o problema \u00e9 o processo. Vamos aos sinais pr\u00e1ticos.<\/p>\n\n\n                        <figure class=\"wp-block-image size-large\"><img decoding=\"async\" width=\"1600\" height=\"1067\" data-src=\"https:\/\/cms.projetiq.com.br\/wp-content\/uploads\/2026\/04\/dc_gme5h95k.jpg\" alt=\"como priorizar projetos na empresa quando tudo \u00e9 urgente\" class=\"wp-image-97 lazyload\" data-srcset=\"https:\/\/cms.projetiq.com.br\/wp-content\/uploads\/2026\/04\/dc_gme5h95k.jpg 1600w, https:\/\/cms.projetiq.com.br\/wp-content\/uploads\/2026\/04\/dc_gme5h95k-300x200.jpg 300w, https:\/\/cms.projetiq.com.br\/wp-content\/uploads\/2026\/04\/dc_gme5h95k-1024x683.jpg 1024w, https:\/\/cms.projetiq.com.br\/wp-content\/uploads\/2026\/04\/dc_gme5h95k-768x512.jpg 768w, https:\/\/cms.projetiq.com.br\/wp-content\/uploads\/2026\/04\/dc_gme5h95k-1536x1024.jpg 1536w, https:\/\/cms.projetiq.com.br\/wp-content\/uploads\/2026\/04\/dc_gme5h95k-600x400.jpg 600w, https:\/\/cms.projetiq.com.br\/wp-content\/uploads\/2026\/04\/dc_gme5h95k-1200x800.jpg 1200w, https:\/\/cms.projetiq.com.br\/wp-content\/uploads\/2026\/04\/dc_gme5h95k-1400x934.jpg 1400w\" data-sizes=\"(max-width: 1600px) 100vw, 1600px\" src=\"data:image\/svg+xml;base64,PHN2ZyB3aWR0aD0iMSIgaGVpZ2h0PSIxIiB4bWxucz0iaHR0cDovL3d3dy53My5vcmcvMjAwMC9zdmciPjwvc3ZnPg==\" style=\"--smush-placeholder-width: 1600px; --smush-placeholder-aspect-ratio: 1600\/1067;\" \/><\/figure>\n                        \n\n<h2>Como identificar rapidamente o que est\u00e1 pegando<\/h2>\n<blockquote><p>\u201cSe as decis\u00f5es ficam paradas no meio do caminho, \u00e9 lideran\u00e7a precisando de clareza.\u201d<\/p><\/blockquote>\n<blockquote><p>\u201cSe o fluxo fica sem dono e a informa\u00e7\u00e3o n\u00e3o \u00e9 consolidada, o problema est\u00e1 no processo.\u201d<\/p><\/blockquote>\n<h3>Decis\u00f5es lentas ou inexistentes<\/h3>\n<p>As decis\u00f5es demoram. Ou nunca saem. Reuni\u00f5es n\u00e3o fecham o assunto. N\u00e3o h\u00e1 algu\u00e9m com a autoriza\u00e7\u00e3o final. A gente fica com o assunto pendente nas planilhas.<\/p>\n<h3>Fluxo de trabalho sem dono claro<\/h3>\n<p>Quando n\u00e3o fica claro quem \u00e9 o respons\u00e1vel por cada entrega, as tarefas ficam em cima de todo mundo e de ningu\u00e9m ao mesmo tempo. Retrabalho aparece. Prazos v\u00e3o embora. O time fica travado esperando algu\u00e9m decidir.<\/p>\n<h3>Comunica\u00e7\u00e3o que falha na pr\u00e1tica<\/h3>\n<p>As informa\u00e7\u00f5es mudam sem aviso. Os status n\u00e3o s\u00e3o consolidados. O grupo do chat vira de tudo, menos uma fonte confi\u00e1vel de verdade. Sem uma forma simples de ver o que est\u00e1 feito, o resto n\u00e3o anda.<\/p>\n<h2>Quando \u00e9 lideran\u00e7a em falta<\/h2>\n<p>Faz sentido quando voc\u00ea nota que as decis\u00f5es chegam tarde, que o time n\u00e3o v\u00ea dire\u00e7\u00e3o clara, e que o l\u00edder n\u00e3o sustenta o ritmo. Falta alinhamento de prioridades, falta feedback direto, e conflitos n\u00e3o s\u00e3o resolvidos com rapidez. A lideran\u00e7a segura o barco quando as coisas esquentam; sem isso, o time fica sem norte. A confian\u00e7a cai e a execu\u00e7\u00e3o perde velocidade, mesmo com pessoas dedicadas.<\/p>\n<blockquote><p>\u201cLideran\u00e7a n\u00e3o \u00e9 t\u00edtulo; \u00e9 a capacidade de manter o time na linha.\u201d<\/p><\/blockquote>\n<h3>Sinais de decis\u00e3o inconsistente<\/h3>\n<p>Voc\u00ea v\u00ea decis\u00f5es que mudam a cada semana, sem crit\u00e9rio vis\u00edvel. O time n\u00e3o sabe por que aquela prioridade ganhou ou perdeu espa\u00e7o. Sem um norte, as a\u00e7\u00f5es viram ru\u00eddo.<\/p>\n<h3>Compromisso com o que importa<\/h3>\n<p>O l\u00edder precisa defender as prioridades. Sem isso, os times improvisam e o foco some. Quando o l\u00edder est\u00e1 presente, h\u00e1 clareza do que precisa sair amanh\u00e3.<\/p>\n<h2>Quando \u00e9 o processo falho<\/h2>\n<p>O problema \u00e9 o passo a passo. Se n\u00e3o h\u00e1 um caminho simples para cada tarefa, tudo depende de mem\u00f3rias e boatos. Processos fracos geram retrabalho, falhas de entrega e depend\u00eancia de quem tem acesso ao conhecimento. O processo certo n\u00e3o \u00e9 burocracia; \u00e9 linha de montagem simples que qualquer um segue. Documentar o b\u00e1sico, padronizar formatos de atualiza\u00e7\u00e3o e manter uma vis\u00e3o \u00fanica ajudam a manter tudo est\u00e1vel, mesmo com gente ocupada.<\/p>\n<blockquote><p>\u201cProcesso n\u00e3o \u00e9 enfeite; \u00e9 a forma de manter o trabalho previs\u00edvel.\u201d<\/p><\/blockquote>\n<h3>Checklist de processos simples<\/h3>\n<p>Aqui v\u00e3o sinais pr\u00e1ticos de que o processo precisa de ajuste:<\/p>\n<ul>\n<li>Existe um dono para cada entrega? Se n\u00e3o, \u00e9 hora de definir.<\/li>\n<li>H\u00e1 um formato \u00fanico de atualiza\u00e7\u00e3o de status? Se n\u00e3o, crie um modelo simples.<\/li>\n<li>Os passos cr\u00edticos est\u00e3o documentados? Se n\u00e3o, registre os m\u00ednimos necess\u00e1rios.<\/li>\n<li>As mudan\u00e7as passam por controle b\u00e1sico? Sem isso, o retrabalho explode.<\/li>\n<li>As decis\u00f5es s\u00e3o registradas? Sem registro, ningu\u00e9m lembra o que foi decidido.<\/li>\n<\/ul>\n<h2>Plano r\u00e1pido para colocar tudo pra andar<\/h2>\n<ol>\n<li>Defina quem decide cada assunto e qual \u00e9 o requisito m\u00ednimo para aceitar uma decis\u00e3o.<\/li>\n<li>Publique uma agenda curta de decis\u00f5es: quem decide hoje, quem revisa amanh\u00e3, quem assina o resultado.<\/li>\n<li>Crie um quadro simples com responsabilidades e status. Pode ser uma planilha simples ou um quadro no chat que todo mundo v\u00ea.<\/li>\n<li>Padronize uma atualiza\u00e7\u00e3o de status: o que foi feito, o que falta, o respons\u00e1vel pela decis\u00e3o final.<\/li>\n<li>Imponha um fluxo m\u00ednimo de mudan\u00e7as para evitar retrabalho: registre o que mudou, por qu\u00ea, e quando.<\/li>\n<li>Fa\u00e7a revis\u00f5es r\u00e1pidas semanalmente para ajustar prioridades e corrigir desvios.<\/li>\n<\/ol>\n<p>Encerramos com o seguinte: apurar se o problema \u00e9 lideran\u00e7a ou processo envolve observar quem toma decis\u00e3o, como o trabalho \u00e9 organizado e como a informa\u00e7\u00e3o circula. O passo a passo acima ajuda voc\u00ea a agir hoje, sem ficar preso a r\u00f3tulos. Se quiser, posso adaptar isso para o seu time, bastando me dizer o que est\u00e1 pegando hoje. Vamos em frente, com foco no que importa: resultado previs\u00edvel e entrega confi\u00e1vel.<\/p>","protected":false},"excerpt":{"rendered":"<p>Voc\u00ea sabe como \u00e9 no dia a dia: voc\u00ea entra na sala com a cabe\u00e7a cheia de planilhas, o celular vibra com mensagens e o rel\u00f3gio parece acelerar. A correria \u00e9 tanta que cada minuto vale ouro. E, ainda assim, algumas coisas continuam emperradas: reuni\u00f5es que n\u00e3o acabam em decis\u00e3o, projetos que caminham sem ningu\u00e9m&hellip;<\/p>\n","protected":false},"author":3,"featured_media":0,"comment_status":"open","ping_status":"open","sticky":false,"template":"","format":"standard","meta":{"_genesis_block_theme_hide_title":false,"footnotes":""},"categories":[52],"tags":[34,152,74,541,403],"class_list":{"0":"post-1798","1":"post","2":"type-post","3":"status-publish","4":"format-standard","5":"hentry","6":"category-diagnostico-operacional","7":"tag-fluxo-de-trabalho","8":"tag-lideranca","9":"tag-organizacao","10":"tag-processo","11":"tag-produtividade","13":"without-featured-image"},"_links":{"self":[{"href":"https:\/\/cms.projetiq.com.br\/wp-json\/wp\/v2\/posts\/1798","targetHints":{"allow":["GET"]}}],"collection":[{"href":"https:\/\/cms.projetiq.com.br\/wp-json\/wp\/v2\/posts"}],"about":[{"href":"https:\/\/cms.projetiq.com.br\/wp-json\/wp\/v2\/types\/post"}],"author":[{"embeddable":true,"href":"https:\/\/cms.projetiq.com.br\/wp-json\/wp\/v2\/users\/3"}],"replies":[{"embeddable":true,"href":"https:\/\/cms.projetiq.com.br\/wp-json\/wp\/v2\/comments?post=1798"}],"version-history":[{"count":0,"href":"https:\/\/cms.projetiq.com.br\/wp-json\/wp\/v2\/posts\/1798\/revisions"}],"wp:attachment":[{"href":"https:\/\/cms.projetiq.com.br\/wp-json\/wp\/v2\/media?parent=1798"}],"wp:term":[{"taxonomy":"category","embeddable":true,"href":"https:\/\/cms.projetiq.com.br\/wp-json\/wp\/v2\/categories?post=1798"},{"taxonomy":"post_tag","embeddable":true,"href":"https:\/\/cms.projetiq.com.br\/wp-json\/wp\/v2\/tags?post=1798"}],"curies":[{"name":"wp","href":"https:\/\/api.w.org\/{rel}","templated":true}]}}