{"id":1800,"date":"2026-04-17T16:43:53","date_gmt":"2026-04-17T16:43:53","guid":{"rendered":"https:\/\/cms.projetiq.com.br\/?p=1800"},"modified":"2026-04-17T16:43:53","modified_gmt":"2026-04-17T16:43:53","slug":"o-que-acontece-quando-a-empresa-cresce-sem-documentar-nada","status":"publish","type":"post","link":"https:\/\/cms.projetiq.com.br\/o-que-acontece-quando-a-empresa-cresce-sem-documentar-nada\/","title":{"rendered":"O que acontece quando a empresa cresce sem documentar nada"},"content":{"rendered":"<p>Voc\u00ea est\u00e1 no meio do corre-corre, tentando equilibrar planilha, agenda lotada e a press\u00e3o de entregar. Crescer sem documentar nada \u00e9 como andar com o mapa rasgado: voc\u00ea sabe para onde quer ir, mas n\u00e3o tem o caminho claro. Cada \u00e1rea funciona de um jeito, cada gerente faz de um jeito, e as decis\u00f5es aparecem na conversa de hoje, n\u00e3o no registro de ontem. Quando algu\u00e9m sai, o aprendizado morre junto. A cabe\u00e7a de quem est\u00e1 aqui hoje segura tudo por um tempo, mas n\u00e3o sustenta a empresa no longo prazo. Sem documenta\u00e7\u00e3o, o dia a dia fica mais dif\u00edcil, erros se repetem e o caos vira regra de opera\u00e7\u00e3o.<\/p>\n<p>Alguns cen\u00e1rios reais aparecem r\u00e1pido na pr\u00e1tica: reuni\u00e3o que n\u00e3o gera decis\u00e3o, projeto que anda sem ningu\u00e9m saber o status, tarefa que fica no WhatsApp e some. Sem documenta\u00e7\u00e3o, n\u00e3o h\u00e1 trilha, hist\u00f3rico ou refer\u00eancia para quem entra. O resultado \u00e9 retrabalho, prioridades conflitantes e atraso de entrega. Voc\u00ea come\u00e7a a depender da mem\u00f3ria de quem est\u00e1 na frente, e isso n\u00e3o escala. O crescimento vira fila de problemas que n\u00e3o sai do papel porque n\u00e3o tem processo para virar rotina.<\/p>\n\n\n                        <figure class=\"wp-block-image size-large\"><img decoding=\"async\" width=\"1600\" height=\"1067\" data-src=\"https:\/\/cms.projetiq.com.br\/wp-content\/uploads\/2026\/04\/dc_gme5h95k.jpg\" alt=\"como priorizar projetos na empresa quando tudo \u00e9 urgente\" class=\"wp-image-97 lazyload\" data-srcset=\"https:\/\/cms.projetiq.com.br\/wp-content\/uploads\/2026\/04\/dc_gme5h95k.jpg 1600w, https:\/\/cms.projetiq.com.br\/wp-content\/uploads\/2026\/04\/dc_gme5h95k-300x200.jpg 300w, https:\/\/cms.projetiq.com.br\/wp-content\/uploads\/2026\/04\/dc_gme5h95k-1024x683.jpg 1024w, https:\/\/cms.projetiq.com.br\/wp-content\/uploads\/2026\/04\/dc_gme5h95k-768x512.jpg 768w, https:\/\/cms.projetiq.com.br\/wp-content\/uploads\/2026\/04\/dc_gme5h95k-1536x1024.jpg 1536w, https:\/\/cms.projetiq.com.br\/wp-content\/uploads\/2026\/04\/dc_gme5h95k-600x400.jpg 600w, https:\/\/cms.projetiq.com.br\/wp-content\/uploads\/2026\/04\/dc_gme5h95k-1200x800.jpg 1200w, https:\/\/cms.projetiq.com.br\/wp-content\/uploads\/2026\/04\/dc_gme5h95k-1400x934.jpg 1400w\" data-sizes=\"(max-width: 1600px) 100vw, 1600px\" src=\"data:image\/svg+xml;base64,PHN2ZyB3aWR0aD0iMSIgaGVpZ2h0PSIxIiB4bWxucz0iaHR0cDovL3d3dy53My5vcmcvMjAwMC9zdmciPjwvc3ZnPg==\" style=\"--smush-placeholder-width: 1600px; --smush-placeholder-aspect-ratio: 1600\/1067;\" \/><\/figure>\n                        \n\n<h2>O que acontece quando nada \u00e9 registrado<\/h2>\n<p>Quando tudo acontece sem registro, quem sabe o que fazer fica isolado. A informa\u00e7\u00e3o fica na cabe\u00e7a de quem est\u00e1 por perto e n\u00e3o se transforma em pr\u00e1tica comum. Sem esse reposit\u00f3rio, cada melhoria \u00e9 reinventada a cada ciclo, e o ganho de uma \u00e1rea n\u00e3o chega \u00e0 outra. A consequ\u00eancia direta \u00e9 a perda de consist\u00eancia. O que funciona hoje pode deixar de funcionar amanh\u00e3, e ningu\u00e9m sabe exatamente por qu\u00ea.<\/p>\n\n\n                        <figure class=\"wp-block-image size-large\"><img decoding=\"async\" data-src=\"https:\/\/cms.projetiq.com.br\/wp-content\/uploads\/2026\/04\/8fhan-6kdm0.jpg\" alt=\"person holding white and black box\" class=\"wp-image-162 lazyload\" src=\"data:image\/svg+xml;base64,PHN2ZyB3aWR0aD0iMSIgaGVpZ2h0PSIxIiB4bWxucz0iaHR0cDovL3d3dy53My5vcmcvMjAwMC9zdmciPjwvc3ZnPg==\" \/><\/figure>\n                        \n\n<h3>Decis\u00f5es ficam sem registro<\/h3>\n<p>Reuni\u00f5es produzem decis\u00f5es r\u00e1pidas, mas sem ata ou apontamento de respons\u00e1veis, o que foi acordado some quando a pressa passa. A pr\u00f3xima reuni\u00e3o repete o mesmo debate, quase sempre sem avan\u00e7o real. Sem registro, o time inteiro fica inseguro sobre quem faz o qu\u00ea e at\u00e9 quando, gerando atraso e frustra\u00e7\u00e3o.<\/p>\n<blockquote><p>Sem registro, a decis\u00e3o vira lembran\u00e7a de quem participou.<\/p><\/blockquote>\n<p>Essa falta de trilha tamb\u00e9m desmonta a confiabilidade entre \u00e1reas. Se o financeiro n\u00e3o v\u00ea o que foi acordado com opera\u00e7\u00e3o, o planejamento fica desalinhado. SeRH n\u00e3o sabe quem est\u00e1 cuidando de cada etapa, o onboarding fica mais longo e menos eficiente. O resultado \u00e9 que o dia a dia fica mais pr\u00f3ximo de improviso do que de m\u00e9todo.<\/p>\n<h2>Impactos na opera\u00e7\u00e3o do dia a dia<\/h2>\n<p>Agora pense no efeito pr\u00e1tico: o time n\u00e3o sabe o que j\u00e1 foi feito, o que falta e quem pode cada coisa. Sem documenta\u00e7\u00e3o, as pessoas acabam repetindo tarefas ou deixando lacunas abertas. Em escala, isso consome tempo que voc\u00ea n\u00e3o tem e atrapalha prazos. A qualidade fica vulner\u00e1vel, porque sem padr\u00e3o, erros simples reaparecem em diferentes \u00e1reas.<\/p>\n\n\n                        <figure class=\"wp-block-image size-large\"><img decoding=\"async\" width=\"1600\" height=\"1067\" data-src=\"https:\/\/cms.projetiq.com.br\/wp-content\/uploads\/2026\/04\/dc_gme5h95k.jpg\" alt=\"como priorizar projetos na empresa quando tudo \u00e9 urgente\" class=\"wp-image-97 lazyload\" data-srcset=\"https:\/\/cms.projetiq.com.br\/wp-content\/uploads\/2026\/04\/dc_gme5h95k.jpg 1600w, https:\/\/cms.projetiq.com.br\/wp-content\/uploads\/2026\/04\/dc_gme5h95k-300x200.jpg 300w, https:\/\/cms.projetiq.com.br\/wp-content\/uploads\/2026\/04\/dc_gme5h95k-1024x683.jpg 1024w, https:\/\/cms.projetiq.com.br\/wp-content\/uploads\/2026\/04\/dc_gme5h95k-768x512.jpg 768w, https:\/\/cms.projetiq.com.br\/wp-content\/uploads\/2026\/04\/dc_gme5h95k-1536x1024.jpg 1536w, https:\/\/cms.projetiq.com.br\/wp-content\/uploads\/2026\/04\/dc_gme5h95k-600x400.jpg 600w, https:\/\/cms.projetiq.com.br\/wp-content\/uploads\/2026\/04\/dc_gme5h95k-1200x800.jpg 1200w, https:\/\/cms.projetiq.com.br\/wp-content\/uploads\/2026\/04\/dc_gme5h95k-1400x934.jpg 1400w\" data-sizes=\"(max-width: 1600px) 100vw, 1600px\" src=\"data:image\/svg+xml;base64,PHN2ZyB3aWR0aD0iMSIgaGVpZ2h0PSIxIiB4bWxucz0iaHR0cDovL3d3dy53My5vcmcvMjAwMC9zdmciPjwvc3ZnPg==\" style=\"--smush-placeholder-width: 1600px; --smush-placeholder-aspect-ratio: 1600\/1067;\" \/><\/figure>\n                        \n\n<h3>Projetos perdem ritmo<\/h3>\n<p>Sem um status claro e acess\u00edvel, as depend\u00eancias n\u00e3o ficam vis\u00edveis. Algu\u00e9m espera a conclus\u00e3o de outra \u00e1rea, algu\u00e9m se adianta sem alinhamento, e o cronograma inteiro fica dependente de uma pessoa que sabe tudo. Esse tipo de atraso n\u00e3o \u00e9 s\u00f3 tempo perdido; \u00e9 custo j\u00e1 embutido na opera\u00e7\u00e3o, que sobe sem que voc\u00ea veja de onde vem.<\/p>\n<blockquote><p>Quando o progresso n\u00e3o \u00e9 registrado, todo mundo empurra na hora errada.<\/p><\/blockquote>\n<p>Al\u00e9m disso, o dia a dia se transforma em uma corrida de reagir ao que aparece no chat ou no e-mail. Pequenos problemas viram inc\u00eandios, as pessoas passam a priorizar o que \u00e9 mais barulhento e o restante fica pendente. A produtividade cai porque n\u00e3o h\u00e1 uma base comum para entender o que \u00e9 prioridade real, o que j\u00e1 foi feito e o que ainda depende de decis\u00e3o.<\/p>\n<h2>Riscos para clientes, governan\u00e7a e cultura<\/h2>\n<p>A cada crescimento sem documenta\u00e7\u00e3o, o risco de falhas aumenta em v\u00e1rias frentes. Voc\u00ea pode ter clientes percebendo atrasos por falta de alinhamento entre equipes. A governan\u00e7a fica fraca porque n\u00e3o h\u00e1 evid\u00eancia do que foi decidido, quem assumiu responsabilidades e qual \u00e9 o caminho de aprova\u00e7\u00e3o. A cultura da empresa fica fragilizada, porque tudo depende da mem\u00f3ria de quem est\u00e1 na linha de frente, n\u00e3o de um padr\u00e3o compartilhado.<\/p>\n\n\n                        <figure class=\"wp-block-image size-large\"><img decoding=\"async\" width=\"1600\" height=\"1067\" data-src=\"https:\/\/cms.projetiq.com.br\/wp-content\/uploads\/2026\/04\/dc_gme5h95k.jpg\" alt=\"como priorizar projetos na empresa quando tudo \u00e9 urgente\" class=\"wp-image-97 lazyload\" data-srcset=\"https:\/\/cms.projetiq.com.br\/wp-content\/uploads\/2026\/04\/dc_gme5h95k.jpg 1600w, https:\/\/cms.projetiq.com.br\/wp-content\/uploads\/2026\/04\/dc_gme5h95k-300x200.jpg 300w, https:\/\/cms.projetiq.com.br\/wp-content\/uploads\/2026\/04\/dc_gme5h95k-1024x683.jpg 1024w, https:\/\/cms.projetiq.com.br\/wp-content\/uploads\/2026\/04\/dc_gme5h95k-768x512.jpg 768w, https:\/\/cms.projetiq.com.br\/wp-content\/uploads\/2026\/04\/dc_gme5h95k-1536x1024.jpg 1536w, https:\/\/cms.projetiq.com.br\/wp-content\/uploads\/2026\/04\/dc_gme5h95k-600x400.jpg 600w, https:\/\/cms.projetiq.com.br\/wp-content\/uploads\/2026\/04\/dc_gme5h95k-1200x800.jpg 1200w, https:\/\/cms.projetiq.com.br\/wp-content\/uploads\/2026\/04\/dc_gme5h95k-1400x934.jpg 1400w\" data-sizes=\"(max-width: 1600px) 100vw, 1600px\" src=\"data:image\/svg+xml;base64,PHN2ZyB3aWR0aD0iMSIgaGVpZ2h0PSIxIiB4bWxucz0iaHR0cDovL3d3dy53My5vcmcvMjAwMC9zdmciPjwvc3ZnPg==\" style=\"--smush-placeholder-width: 1600px; --smush-placeholder-aspect-ratio: 1600\/1067;\" \/><\/figure>\n                        \n\n<h3>Onboarding e turnover<\/h3>\n<p>Novos chegam sem entender o que j\u00e1 foi feito nem por onde come\u00e7ar. Eles precisam perguntar para cada pessoa, o que desgasta tempo e energia. E quando algu\u00e9m sai, o conhecimento morre junto, deixando lacunas que n\u00e3o s\u00e3o facilmente preenchidas. Sem processos documentados, o talento que entra parece ter menos espa\u00e7o para crescer, o que tende a aumentar a rotatividade.<\/p>\n<p>Essa fragilidade tamb\u00e9m impacta o desempenho de entrega e conformidade. Contratos, SLAs e expectativas ficam jogados entre departamentos sem uma linha de defesa comum. Quando a empresa cresce, isso tende a piorar, porque a curva de aprendizado fica mais longa e a depend\u00eancia de pessoas-chave se intensifica. Em resumo: a opera\u00e7\u00e3o fica menos previs\u00edvel, menos confi\u00e1vel e mais cara para manter.<\/p>\n<h2>Como come\u00e7ar a colocar tudo no lugar<\/h2>\n<p>N\u00e3o precisa esperar um desastre anunciar que chegou a hora de documentar. Come\u00e7ar simples j\u00e1 muda o jogo. A ideia n\u00e3o \u00e9 transformar seu neg\u00f3cio em uma consultoria complexa de tudo-pra-tra\u00e7o; \u00e9 criar um caminho claro para que a opera\u00e7\u00e3o tenha ponto de refer\u00eancia, mesmo quando voc\u00ea estiver correndo atr\u00e1s de outras demandas.<\/p>\n\n\n                        <figure class=\"wp-block-image size-large\"><img decoding=\"async\" width=\"1600\" height=\"1067\" data-src=\"https:\/\/cms.projetiq.com.br\/wp-content\/uploads\/2026\/04\/dc_gme5h95k.jpg\" alt=\"como priorizar projetos na empresa quando tudo \u00e9 urgente\" class=\"wp-image-97 lazyload\" data-srcset=\"https:\/\/cms.projetiq.com.br\/wp-content\/uploads\/2026\/04\/dc_gme5h95k.jpg 1600w, https:\/\/cms.projetiq.com.br\/wp-content\/uploads\/2026\/04\/dc_gme5h95k-300x200.jpg 300w, https:\/\/cms.projetiq.com.br\/wp-content\/uploads\/2026\/04\/dc_gme5h95k-1024x683.jpg 1024w, https:\/\/cms.projetiq.com.br\/wp-content\/uploads\/2026\/04\/dc_gme5h95k-768x512.jpg 768w, https:\/\/cms.projetiq.com.br\/wp-content\/uploads\/2026\/04\/dc_gme5h95k-1536x1024.jpg 1536w, https:\/\/cms.projetiq.com.br\/wp-content\/uploads\/2026\/04\/dc_gme5h95k-600x400.jpg 600w, https:\/\/cms.projetiq.com.br\/wp-content\/uploads\/2026\/04\/dc_gme5h95k-1200x800.jpg 1200w, https:\/\/cms.projetiq.com.br\/wp-content\/uploads\/2026\/04\/dc_gme5h95k-1400x934.jpg 1400w\" data-sizes=\"(max-width: 1600px) 100vw, 1600px\" src=\"data:image\/svg+xml;base64,PHN2ZyB3aWR0aD0iMSIgaGVpZ2h0PSIxIiB4bWxucz0iaHR0cDovL3d3dy53My5vcmcvMjAwMC9zdmciPjwvc3ZnPg==\" style=\"--smush-placeholder-width: 1600px; --smush-placeholder-aspect-ratio: 1600\/1067;\" \/><\/figure>\n                        \n\n<ol>\n<li>Mapear as fun\u00e7\u00f5es-chave: quem faz o qu\u00ea, em que etapa e com que resultado final.<\/li>\n<li>Definir decis\u00f5es e acordos: registrar o que \u00e9 decidido, quem aprova e qual \u00e9 o prazo.<\/li>\n<li>Padronizar processos cr\u00edticos: criar checklists simples que qualquer pessoa consegue seguir.<\/li>\n<li>Criar um reposit\u00f3rio de documenta\u00e7\u00e3o acess\u00edvel: uma pasta \u00fanica com guias r\u00e1pidos e atalhos de pesquisa.<\/li>\n<li>Definir governan\u00e7a com pap\u00e9is e responsabilidades: deixar claro quem lidera cada \u00e1rea, quem assina decis\u00f5es e quem presta contas.<\/li>\n<li>Onboard r\u00e1pido com orienta\u00e7\u00f5es b\u00e1sicas: guias de primeira semana, quem conversar e onde encontrar informa\u00e7\u00f5es.<\/li>\n<li>Revisar cad\u00eancia de governan\u00e7a: alinhar reuni\u00f5es, prazos de entrega e fluxos de aprova\u00e7\u00e3o com frequ\u00eancia real.<\/li>\n<\/ol>\n<p>O objetivo \u00e9 ter o b\u00e1sico funcionando: decis\u00f5es registradas, tarefas com dono, prazos vis\u00edveis e um caminho para quem entra n\u00e3o depender da mem\u00f3ria de algu\u00e9m. Com isso, voc\u00ea reduz retrabalho, aumenta previsibilidade e d\u00e1 \u00e0 equipe ferramentas para agir com autonomia, mesmo quando a correria aperta.<\/p>\n<blockquote><p>Documentar n\u00e3o \u00e9 burocracia; \u00e9 garantia de que o neg\u00f3cio continua funcionando quando a gente n\u00e3o est\u00e1 olhando.<\/p><\/blockquote>\n<p>Esses passos n\u00e3o resolvem tudo de uma vez, mas criam a base para evoluir sem perder o controle. O pr\u00f3ximo passo \u00e9 escolher um aspecto de maior impacto hoje \u2014 talvez onboarding, ou o registro de decis\u00f5es cr\u00edticas \u2014 e come\u00e7ar por a\u00ed. O importante \u00e9 come\u00e7ar, de tempo em tempo, at\u00e9 que o mapa deixe de rasgar e passe a orientar a caminhada inteira.<\/p>\n<p>Come\u00e7ar a documentar n\u00e3o precisa ser uma mudan\u00e7a gigante de uma vez. Diga para a sua equipe qual \u00e9 o objetivo simples: ter o que fazer, por que fazer e quem faz. Isso j\u00e1 reduz o ru\u00eddo e aumenta a velocidade com que a empresa cresce de forma est\u00e1vel e previs\u00edvel.<\/p>","protected":false},"excerpt":{"rendered":"<p>Voc\u00ea est\u00e1 no meio do corre-corre, tentando equilibrar planilha, agenda lotada e a press\u00e3o de entregar. Crescer sem documentar nada \u00e9 como andar com o mapa rasgado: voc\u00ea sabe para onde quer ir, mas n\u00e3o tem o caminho claro. Cada \u00e1rea funciona de um jeito, cada gerente faz de um jeito, e as decis\u00f5es aparecem&hellip;<\/p>\n","protected":false},"author":3,"featured_media":97,"comment_status":"open","ping_status":"open","sticky":false,"template":"","format":"standard","meta":{"_genesis_block_theme_hide_title":false,"footnotes":""},"categories":[52],"tags":[546,13,544,545,119],"class_list":{"0":"post-1800","1":"post","2":"type-post","3":"status-publish","4":"format-standard","5":"has-post-thumbnail","6":"hentry","7":"category-diagnostico-operacional","8":"tag-atraso-de-entrega","9":"tag-documentacao","10":"tag-gestao-do-conhecimento","11":"tag-registro-de-decisoes","12":"tag-retrabalho","14":"with-featured-image"},"_links":{"self":[{"href":"https:\/\/cms.projetiq.com.br\/wp-json\/wp\/v2\/posts\/1800","targetHints":{"allow":["GET"]}}],"collection":[{"href":"https:\/\/cms.projetiq.com.br\/wp-json\/wp\/v2\/posts"}],"about":[{"href":"https:\/\/cms.projetiq.com.br\/wp-json\/wp\/v2\/types\/post"}],"author":[{"embeddable":true,"href":"https:\/\/cms.projetiq.com.br\/wp-json\/wp\/v2\/users\/3"}],"replies":[{"embeddable":true,"href":"https:\/\/cms.projetiq.com.br\/wp-json\/wp\/v2\/comments?post=1800"}],"version-history":[{"count":0,"href":"https:\/\/cms.projetiq.com.br\/wp-json\/wp\/v2\/posts\/1800\/revisions"}],"wp:featuredmedia":[{"embeddable":true,"href":"https:\/\/cms.projetiq.com.br\/wp-json\/wp\/v2\/media\/97"}],"wp:attachment":[{"href":"https:\/\/cms.projetiq.com.br\/wp-json\/wp\/v2\/media?parent=1800"}],"wp:term":[{"taxonomy":"category","embeddable":true,"href":"https:\/\/cms.projetiq.com.br\/wp-json\/wp\/v2\/categories?post=1800"},{"taxonomy":"post_tag","embeddable":true,"href":"https:\/\/cms.projetiq.com.br\/wp-json\/wp\/v2\/tags?post=1800"}],"curies":[{"name":"wp","href":"https:\/\/api.w.org\/{rel}","templated":true}]}}